{"id":1058,"date":"2024-07-28T16:53:17","date_gmt":"2024-07-28T16:53:17","guid":{"rendered":"http:\/\/lutteurs-aigle.ch\/?p=1058"},"modified":"2025-10-20T17:10:08","modified_gmt":"2025-10-20T17:10:08","slug":"fete-regionale-28-07-2024-lac-des-joncs-fr","status":"publish","type":"post","link":"http:\/\/lutteurs-aigle.ch\/?p=1058","title":{"rendered":"F\u00eate r\u00e9gionale 28.07.2024 &#8211; Lac des Joncs FR"},"content":{"rendered":"<div id=\"themify_builder_content-1058\" data-postid=\"1058\" class=\"themify_builder_content themify_builder_content-1058 themify_builder\">\n    \t<!-- module_row -->\n\t<div  class=\"themify_builder_row module_row clearfix module_row_0 themify_builder_1058_row module_row_1058-0 tb_x3fo815\">\n\t    \t    <div class=\"row_inner col_align_top\" >\n\t\t\t<div  class=\"module_column tb-column col-full first tb_1058_column module_column_0 module_column_1058-0-0 tb_dwkr816\">\n\t    \t    \t        <div class=\"tb-column-inner\">\n\t\t    <!-- module text -->\n<div  class=\"module module-text tb_9csj689    \">\n            <div  class=\"tb_text_wrap\">\n    <p>Cat\u00e9gorie 2013-2104<br \/>L\u00fcthi Tim\u00e9o &#8211; Rang 15a avec 53,75 pts \/ 2 gagn\u00e9es, 1 nulle, 3 perdues<br \/><br \/>Cat\u00e9gorie 2011-2012<br \/>Dessiex Soren &#8211; Rang 12b avec 55,25 pts \/ 3 gagn\u00e9es, 3 perdues<br \/><br \/>Cat\u00e9gorie 2009-2010<br \/>Dessiex Rodrick &#8211; Rang 9b avec 55,50 pts \/ 3 gagn\u00e9es, 3 perdues<br \/>Devaud Th\u00e9o &#8211; Rang 11a avec 55,00 pts \/ 3 gagn\u00e9es, 3 perdues<br \/><br \/>Actifs<br \/>Mollet Ivan &#8211; Rang 2 avec 57,25 pts \/ 4 gagn\u00e9es, 2 nulles \/ FINALE <br \/>Lopes Semedo Mauro &#8211; Rang 11e avec 54,25 pts \/ 2 gagn\u00e9es, 1 nulle, 3 perdues<\/p>    <\/div>\n<\/div>\n<!-- \/module text -->\n    <!-- module image -->\n    <div  class=\"module module-image tb_o0qv122  image-top  \">\n\t                <div class=\"image-wrap\">\n                            <img decoding=\"async\" src=\"http:\/\/lutteurs-aigle.ch\/wp-content\/uploads\/2024\/07\/PHOTO-2024-07-28-18-07-55.jpg\" alt=\"F\u00eate r\u00e9gionale 28.07.2024 &#8211; Lac des Joncs FR\" \/>            \n                        <\/div>\n            <!-- \/image-wrap -->\n        \n        \n        <\/div>\n    <!-- \/module image -->\n\t        <\/div>\n\t    \t<\/div>\n\t\t    <\/div>\n\t    <!-- \/row_inner -->\n\t<\/div>\n\t<!-- \/module_row -->\n\t<\/div>\n","protected":false},"excerpt":{"rendered":"<p>Cat\u00e9gorie 2013-2104L\u00fcthi Tim\u00e9o &#8211; Rang 15a avec 53,75 pts \/ 2 gagn\u00e9es, 1 nulle, 3 perduesCat\u00e9gorie 2011-2012Dessiex Soren &#8211; Rang 12b avec 55,25 pts \/ 3 gagn\u00e9es, 3 perduesCat\u00e9gorie 2009-2010Dessiex Rodrick &#8211; Rang 9b avec 55,50 pts \/ 3 gagn\u00e9es, 3 perduesDevaud Th\u00e9o &#8211; Rang 11a avec 55,00 pts \/ 3 gagn\u00e9es, 3 perduesActifsMollet Ivan [&hellip;]<\/p>\n","protected":false},"author":3,"featured_media":0,"comment_status":"open","ping_status":"open","sticky":false,"template":"","format":"standard","meta":[],"categories":[5],"tags":[],"builder_content":"<p>Cat\u00e9gorie 2013-2104<br \/>L\u00fcthi Tim\u00e9o - Rang 15a avec 53,75 pts \/ 2 gagn\u00e9es, 1 nulle, 3 perdues<br \/><br \/>Cat\u00e9gorie 2011-2012<br \/>Dessiex Soren - Rang 12b avec 55,25 pts \/ 3 gagn\u00e9es, 3 perdues<br \/><br \/>Cat\u00e9gorie 2009-2010<br \/>Dessiex Rodrick - Rang 9b avec 55,50 pts \/ 3 gagn\u00e9es, 3 perdues<br \/>Devaud Th\u00e9o - Rang 11a avec 55,00 pts \/ 3 gagn\u00e9es, 3 perdues<br \/><br \/>Actifs<br \/>Mollet Ivan - Rang 2 avec 57,25 pts \/ 4 gagn\u00e9es, 2 nulles \/ FINALE <br \/>Lopes Semedo Mauro - Rang 11e avec 54,25 pts \/ 2 gagn\u00e9es, 1 nulle, 3 perdues<\/p>\n<img decoding=\"async\" src=\"http:\/\/lutteurs-aigle.ch\/wp-content\/uploads\/2024\/07\/PHOTO-2024-07-28-18-07-55.jpg\" alt=\"F\u00eate r\u00e9gionale 28.07.2024 &#8211; Lac des Joncs FR\" \/>","_links":{"self":[{"href":"http:\/\/lutteurs-aigle.ch\/index.php?rest_route=\/wp\/v2\/posts\/1058"}],"collection":[{"href":"http:\/\/lutteurs-aigle.ch\/index.php?rest_route=\/wp\/v2\/posts"}],"about":[{"href":"http:\/\/lutteurs-aigle.ch\/index.php?rest_route=\/wp\/v2\/types\/post"}],"author":[{"embeddable":true,"href":"http:\/\/lutteurs-aigle.ch\/index.php?rest_route=\/wp\/v2\/users\/3"}],"replies":[{"embeddable":true,"href":"http:\/\/lutteurs-aigle.ch\/index.php?rest_route=%2Fwp%2Fv2%2Fcomments&post=1058"}],"version-history":[{"count":1,"href":"http:\/\/lutteurs-aigle.ch\/index.php?rest_route=\/wp\/v2\/posts\/1058\/revisions"}],"predecessor-version":[{"id":1149,"href":"http:\/\/lutteurs-aigle.ch\/index.php?rest_route=\/wp\/v2\/posts\/1058\/revisions\/1149"}],"wp:attachment":[{"href":"http:\/\/lutteurs-aigle.ch\/index.php?rest_route=%2Fwp%2Fv2%2Fmedia&parent=1058"}],"wp:term":[{"taxonomy":"category","embeddable":true,"href":"http:\/\/lutteurs-aigle.ch\/index.php?rest_route=%2Fwp%2Fv2%2Fcategories&post=1058"},{"taxonomy":"post_tag","embeddable":true,"href":"http:\/\/lutteurs-aigle.ch\/index.php?rest_route=%2Fwp%2Fv2%2Ftags&post=1058"}],"curies":[{"name":"wp","href":"https:\/\/api.w.org\/{rel}","templated":true}]}}