{"id":1051,"date":"2024-07-20T17:07:54","date_gmt":"2024-07-20T17:07:54","guid":{"rendered":"http:\/\/lutteurs-aigle.ch\/?p=1051"},"modified":"2025-10-20T17:10:14","modified_gmt":"2025-10-20T17:10:14","slug":"fete-regionale-jeunes-lutteurs-20-07-2024-les-hauderes-vs","status":"publish","type":"post","link":"http:\/\/lutteurs-aigle.ch\/?p=1051","title":{"rendered":"F\u00eate r\u00e9gionale jeunes lutteurs 20.07.2024 &#8211; Les Haud\u00e8res VS"},"content":{"rendered":"<div id=\"themify_builder_content-1051\" data-postid=\"1051\" class=\"themify_builder_content themify_builder_content-1051 themify_builder\">\n    \t<!-- module_row -->\n\t<div  class=\"themify_builder_row module_row clearfix module_row_0 themify_builder_1051_row module_row_1051-0 tb_6by1706\">\n\t    \t    <div class=\"row_inner col_align_top\" >\n\t\t\t<div  class=\"module_column tb-column col-full first tb_1051_column module_column_0 module_column_1051-0-0 tb_c6a1707\">\n\t    \t    \t        <div class=\"tb-column-inner\">\n\t\t    <!-- module text -->\n<div  class=\"module module-text tb_vtbp173    \">\n            <div  class=\"tb_text_wrap\">\n    <p>Cat\u00e9gorie 2011-2013<\/p><p>Soren Dessiex &#8211; \u00a0rang 4a avec 57,00 pts \/ 4 gagn\u00e9es, 2 perdues \/ Finaliste + palme !<\/p><p>Tim\u00e9o L\u00fcthi &#8211; abandon sur blessure apr\u00e8s la 1\u00e8re passe<\/p>    <\/div>\n<\/div>\n<!-- \/module text -->\n    <!-- module image -->\n    <div  class=\"module module-image tb_x42x912  image-top  \">\n\t                <div class=\"image-wrap\">\n                            <img decoding=\"async\" src=\"http:\/\/lutteurs-aigle.ch\/wp-content\/uploads\/2024\/07\/0014f3ee-60f2-41ca-acba-330d11023914.jpg\" alt=\"F\u00eate r\u00e9gionale jeunes lutteurs 20.07.2024 &#8211; Les Haud\u00e8res VS\" \/>            \n                        <\/div>\n            <!-- \/image-wrap -->\n        \n        \n        <\/div>\n    <!-- \/module image -->\n\t        <\/div>\n\t    \t<\/div>\n\t\t    <\/div>\n\t    <!-- \/row_inner -->\n\t<\/div>\n\t<!-- \/module_row -->\n\t<\/div>\n","protected":false},"excerpt":{"rendered":"<p>Cat\u00e9gorie 2011-2013Soren Dessiex &#8211; \u00a0rang 4a avec 57,00 pts \/ 4 gagn\u00e9es, 2 perdues \/ Finaliste + palme !Tim\u00e9o L\u00fcthi &#8211; abandon sur blessure apr\u00e8s la 1\u00e8re passe<\/p>\n","protected":false},"author":3,"featured_media":0,"comment_status":"open","ping_status":"open","sticky":false,"template":"","format":"standard","meta":[],"categories":[5],"tags":[],"builder_content":"<p>Cat\u00e9gorie 2011-2013<\/p><p>Soren Dessiex - \u00a0rang 4a avec 57,00 pts \/ 4 gagn\u00e9es, 2 perdues \/ Finaliste + palme !<\/p><p>Tim\u00e9o L\u00fcthi - abandon sur blessure apr\u00e8s la 1\u00e8re passe<\/p>\n<img decoding=\"async\" src=\"http:\/\/lutteurs-aigle.ch\/wp-content\/uploads\/2024\/07\/0014f3ee-60f2-41ca-acba-330d11023914.jpg\" alt=\"F\u00eate r\u00e9gionale jeunes lutteurs 20.07.2024 &#8211; Les Haud\u00e8res VS\" \/>","_links":{"self":[{"href":"http:\/\/lutteurs-aigle.ch\/index.php?rest_route=\/wp\/v2\/posts\/1051"}],"collection":[{"href":"http:\/\/lutteurs-aigle.ch\/index.php?rest_route=\/wp\/v2\/posts"}],"about":[{"href":"http:\/\/lutteurs-aigle.ch\/index.php?rest_route=\/wp\/v2\/types\/post"}],"author":[{"embeddable":true,"href":"http:\/\/lutteurs-aigle.ch\/index.php?rest_route=\/wp\/v2\/users\/3"}],"replies":[{"embeddable":true,"href":"http:\/\/lutteurs-aigle.ch\/index.php?rest_route=%2Fwp%2Fv2%2Fcomments&post=1051"}],"version-history":[{"count":1,"href":"http:\/\/lutteurs-aigle.ch\/index.php?rest_route=\/wp\/v2\/posts\/1051\/revisions"}],"predecessor-version":[{"id":1151,"href":"http:\/\/lutteurs-aigle.ch\/index.php?rest_route=\/wp\/v2\/posts\/1051\/revisions\/1151"}],"wp:attachment":[{"href":"http:\/\/lutteurs-aigle.ch\/index.php?rest_route=%2Fwp%2Fv2%2Fmedia&parent=1051"}],"wp:term":[{"taxonomy":"category","embeddable":true,"href":"http:\/\/lutteurs-aigle.ch\/index.php?rest_route=%2Fwp%2Fv2%2Fcategories&post=1051"},{"taxonomy":"post_tag","embeddable":true,"href":"http:\/\/lutteurs-aigle.ch\/index.php?rest_route=%2Fwp%2Fv2%2Ftags&post=1051"}],"curies":[{"name":"wp","href":"https:\/\/api.w.org\/{rel}","templated":true}]}}